{"id":808,"date":"2021-04-12T21:01:14","date_gmt":"2021-04-12T21:01:14","guid":{"rendered":"http:\/\/categoriaoutros.com.br\/?p=808"},"modified":"2021-04-12T21:11:44","modified_gmt":"2021-04-12T21:11:44","slug":"falcao-e-o-soldado-invernal-o-novo-capitao-america-john-walker-pode-se-tornar-um-vilao","status":"publish","type":"post","link":"https:\/\/categoriaoutros.com.br\/?p=808","title":{"rendered":"Falc\u00e3o e o Soldado Invernal:  O Novo Capit\u00e3o Am\u00e9rica, John Walker, Pode se Tornar um Vil\u00e3o?"},"content":{"rendered":"\n<p><span class=\"has-inline-color has-vivid-red-color\"><strong>Aten\u00e7\u00e3o: Cont\u00e9m SPOILERS<\/strong><\/span><\/p>\n\n\n\n<figure class=\"wp-block-image size-large\"><img decoding=\"async\" src=\"https:\/\/hips.hearstapps.com\/hmg-prod.s3.amazonaws.com\/images\/john-walker-shot-1617992649.png?crop=0.6260416666666667xw:1xh;center,top&amp;resize=768:*\" alt=\"\"\/><figcaption>john Walker, o novo Capit\u00e3o &#8211; Imagem retirada de menshealth.com<\/figcaption><\/figure>\n\n\n\n<p>O Novo Capit\u00e3o Am\u00e9rica, at\u00e9 o 4\u00ba epis\u00f3dio, era um soldado honrado, ganhador de 3 medalhas de honras, por\u00e9m, n\u00e3o possu\u00eda superpoderes ou um corpo f\u00edsico superforte como o de Bucky(O soldado invernal) ou Sam(Falc\u00e3o). <\/p>\n\n\n\n<p>Esse soldado com natural demostra algumas atitudes que faz muitos telespectadores pensar nele como um vil\u00e3o:<\/p>\n\n\n\n<p>No epis\u00f3dio 3, quando um empres\u00e1rio de neg\u00f3cios em Munique cospe em seu rosto, John Walker berra: &#8220;VOC\u00ca SABE QUEM EU SOU?&#8221;. Essa \u00e9 uma atitude que o antigo Capit\u00e3o Am\u00e9rica, Steve Rogers, jamais faria. Esse comportamento pode demonstrar um tra\u00e7o da personalidade de John Walker, uma personalidade de um her\u00f3i mau!<\/p>\n\n\n\n<p><\/p>\n\n\n\n<p>John Walker, um homem natural, encontra e engole o conte\u00fado do frasco contendo o mesmo soro que transforma pessoas em supersoldados, parece ser o mesmo soro que Steve Rogers e Bucky tomaram.  Agora Walker, tamb\u00e9m, \u00e9 um supersoldado!<\/p>\n\n\n\n<p>Ap\u00f3s ter seu amigo Lemar Hoskin morto por um integrante do grupo &#8220;Flag Smasher(esmagador de bandeiras)&#8221;, no epis\u00f3dio 4 da s\u00e9rie, Walker surta e bate repetidas vezes com o seu escudo na cabe\u00e7a de um inimigo indefeso e isso na presen\u00e7a de diversas pessoas(transeuntes) que acabaram filmando a cena com seus celulares. <\/p>\n\n\n\n<p>Veja a imagem acima do escudo sujo de sangue ap\u00f3s Walker surtar e espancar  em p\u00fablico a cabe\u00e7a do integrante do grupo &#8220;Flag Smasher&#8221;. Algo que jamais, novamente, Steve Rogers jamais faria!<\/p>\n","protected":false},"excerpt":{"rendered":"<p>Aten\u00e7\u00e3o: Cont\u00e9m SPOILERS O Novo Capit\u00e3o Am\u00e9rica, at\u00e9 o 4\u00ba epis\u00f3dio, era um soldado honrado, ganhador de 3 medalhas de honras, por\u00e9m, n\u00e3o possu\u00eda superpoderes ou um corpo f\u00edsico superforte como o de Bucky(O soldado invernal) ou Sam(Falc\u00e3o). Esse soldado com natural demostra algumas atitudes que faz muitos telespectadores pensar nele como um vil\u00e3o: No&#8230;<\/p>\n<p class=\"more-link-wrap\"><a href=\"https:\/\/categoriaoutros.com.br\/?p=808\" class=\"more-link\">Read More<span class=\"screen-reader-text\"> &ldquo;Falc\u00e3o e o Soldado Invernal:  O Novo Capit\u00e3o Am\u00e9rica, John Walker, Pode se Tornar um Vil\u00e3o?&rdquo;<\/span> &raquo;<\/a><\/p>\n","protected":false},"author":1,"featured_media":0,"comment_status":"open","ping_status":"open","sticky":false,"template":"","format":"standard","meta":{"footnotes":""},"categories":[49],"tags":[216,214,224,227,226],"class_list":["post-808","post","type-post","status-publish","format-standard","hentry","category-filmes-seriados","tag-escudo","tag-falcao-e-o-soldado-invernal","tag-john-walker","tag-sangue","tag-vilao"],"yoast_head":"<!-- This site is optimized with the Yoast SEO plugin v21.0 - https:\/\/yoast.com\/wordpress\/plugins\/seo\/ -->\n<title>Falc\u00e3o e o Soldado Invernal: O Novo Capit\u00e3o Am\u00e9rica, John Walker, Pode se Tornar um Vil\u00e3o? - Categoria Outros<\/title>\n<meta name=\"robots\" content=\"index, follow, max-snippet:-1, max-image-preview:large, max-video-preview:-1\" \/>\n<link rel=\"canonical\" href=\"https:\/\/categoriaoutros.com.br\/?p=808\" \/>\n<meta property=\"og:locale\" content=\"pt_BR\" \/>\n<meta property=\"og:type\" content=\"article\" \/>\n<meta property=\"og:title\" content=\"Falc\u00e3o e o Soldado Invernal: O Novo Capit\u00e3o Am\u00e9rica, John Walker, Pode se Tornar um Vil\u00e3o? - Categoria Outros\" \/>\n<meta property=\"og:description\" content=\"Aten\u00e7\u00e3o: Cont\u00e9m SPOILERS O Novo Capit\u00e3o Am\u00e9rica, at\u00e9 o 4\u00ba epis\u00f3dio, era um soldado honrado, ganhador de 3 medalhas de honras, por\u00e9m, n\u00e3o possu\u00eda superpoderes ou um corpo f\u00edsico superforte como o de Bucky(O soldado invernal) ou Sam(Falc\u00e3o). Esse soldado com natural demostra algumas atitudes que faz muitos telespectadores pensar nele como um vil\u00e3o: No...Read More &ldquo;Falc\u00e3o e o Soldado Invernal: O Novo Capit\u00e3o Am\u00e9rica, John Walker, Pode se Tornar um Vil\u00e3o?&rdquo; &raquo;\" \/>\n<meta property=\"og:url\" content=\"https:\/\/categoriaoutros.com.br\/?p=808\" \/>\n<meta property=\"og:site_name\" content=\"Categoria Outros\" \/>\n<meta property=\"article:publisher\" content=\"https:\/\/www.facebook.com\/categoriaoutros\" \/>\n<meta property=\"article:published_time\" content=\"2021-04-12T21:01:14+00:00\" \/>\n<meta property=\"article:modified_time\" content=\"2021-04-12T21:11:44+00:00\" \/>\n<meta property=\"og:image\" content=\"https:\/\/hips.hearstapps.com\/hmg-prod.s3.amazonaws.com\/images\/john-walker-shot-1617992649.png?crop=0.6260416666666667xw:1xh;center,top&amp;resize=768:*\" \/>\n<meta name=\"author\" content=\"Categoria: Outros\" \/>\n<meta name=\"twitter:card\" content=\"summary_large_image\" \/>\n<meta name=\"twitter:creator\" content=\"@CategoriaOutros\" \/>\n<meta name=\"twitter:site\" content=\"@CategoriaOutros\" \/>\n<meta name=\"twitter:label1\" content=\"Escrito por\" \/>\n\t<meta name=\"twitter:data1\" content=\"Categoria: Outros\" \/>\n\t<meta name=\"twitter:label2\" content=\"Est. tempo de leitura\" \/>\n\t<meta name=\"twitter:data2\" content=\"1 minuto\" \/>\n<script type=\"application\/ld+json\" class=\"yoast-schema-graph\">{\"@context\":\"https:\/\/schema.org\",\"@graph\":[{\"@type\":\"Article\",\"@id\":\"https:\/\/categoriaoutros.com.br\/?p=808#article\",\"isPartOf\":{\"@id\":\"https:\/\/categoriaoutros.com.br\/?p=808\"},\"author\":{\"name\":\"Categoria: Outros\",\"@id\":\"https:\/\/categoriaoutros.com.br\/#\/schema\/person\/ba0f432708449436912bd6736864bb40\"},\"headline\":\"Falc\u00e3o e o Soldado Invernal: O Novo Capit\u00e3o Am\u00e9rica, John Walker, Pode se Tornar um Vil\u00e3o?\",\"datePublished\":\"2021-04-12T21:01:14+00:00\",\"dateModified\":\"2021-04-12T21:11:44+00:00\",\"mainEntityOfPage\":{\"@id\":\"https:\/\/categoriaoutros.com.br\/?p=808\"},\"wordCount\":286,\"commentCount\":1,\"publisher\":{\"@id\":\"https:\/\/categoriaoutros.com.br\/#organization\"},\"keywords\":[\"escudo\",\"Falc\u00e3o e o Soldado Invernal\",\"john walker\",\"sangue\",\"vil\u00e3o\"],\"articleSection\":[\"Filmes e Seriados\"],\"inLanguage\":\"pt-BR\",\"potentialAction\":[{\"@type\":\"CommentAction\",\"name\":\"Comment\",\"target\":[\"https:\/\/categoriaoutros.com.br\/?p=808#respond\"]}]},{\"@type\":\"WebPage\",\"@id\":\"https:\/\/categoriaoutros.com.br\/?p=808\",\"url\":\"https:\/\/categoriaoutros.com.br\/?p=808\",\"name\":\"Falc\u00e3o e o Soldado Invernal: O Novo Capit\u00e3o Am\u00e9rica, John Walker, Pode se Tornar um Vil\u00e3o? - Categoria Outros\",\"isPartOf\":{\"@id\":\"https:\/\/categoriaoutros.com.br\/#website\"},\"datePublished\":\"2021-04-12T21:01:14+00:00\",\"dateModified\":\"2021-04-12T21:11:44+00:00\",\"breadcrumb\":{\"@id\":\"https:\/\/categoriaoutros.com.br\/?p=808#breadcrumb\"},\"inLanguage\":\"pt-BR\",\"potentialAction\":[{\"@type\":\"ReadAction\",\"target\":[\"https:\/\/categoriaoutros.com.br\/?p=808\"]}]},{\"@type\":\"BreadcrumbList\",\"@id\":\"https:\/\/categoriaoutros.com.br\/?p=808#breadcrumb\",\"itemListElement\":[{\"@type\":\"ListItem\",\"position\":1,\"name\":\"In\u00edcio\",\"item\":\"https:\/\/categoriaoutros.com.br\/\"},{\"@type\":\"ListItem\",\"position\":2,\"name\":\"Falc\u00e3o e o Soldado Invernal: O Novo Capit\u00e3o Am\u00e9rica, John Walker, Pode se Tornar um Vil\u00e3o?\"}]},{\"@type\":\"WebSite\",\"@id\":\"https:\/\/categoriaoutros.com.br\/#website\",\"url\":\"https:\/\/categoriaoutros.com.br\/\",\"name\":\"Categoria Outros\",\"description\":\"Assuntos Diversos\",\"publisher\":{\"@id\":\"https:\/\/categoriaoutros.com.br\/#organization\"},\"potentialAction\":[{\"@type\":\"SearchAction\",\"target\":{\"@type\":\"EntryPoint\",\"urlTemplate\":\"https:\/\/categoriaoutros.com.br\/?s={search_term_string}\"},\"query-input\":\"required name=search_term_string\"}],\"inLanguage\":\"pt-BR\"},{\"@type\":\"Organization\",\"@id\":\"https:\/\/categoriaoutros.com.br\/#organization\",\"name\":\"Categoria Outros\",\"alternateName\":\"Categoria Outros\",\"url\":\"https:\/\/categoriaoutros.com.br\/\",\"logo\":{\"@type\":\"ImageObject\",\"inLanguage\":\"pt-BR\",\"@id\":\"https:\/\/categoriaoutros.com.br\/#\/schema\/logo\/image\/\",\"url\":\"https:\/\/categoriaoutros.com.br\/wp-content\/uploads\/2023\/08\/categoriaoutros-logo.jpg\",\"contentUrl\":\"https:\/\/categoriaoutros.com.br\/wp-content\/uploads\/2023\/08\/categoriaoutros-logo.jpg\",\"width\":400,\"height\":400,\"caption\":\"Categoria Outros\"},\"image\":{\"@id\":\"https:\/\/categoriaoutros.com.br\/#\/schema\/logo\/image\/\"},\"sameAs\":[\"https:\/\/www.facebook.com\/categoriaoutros\",\"https:\/\/twitter.com\/CategoriaOutros\",\"https:\/\/br.pinterest.com\/CategoriaOutros\/\"]},{\"@type\":\"Person\",\"@id\":\"https:\/\/categoriaoutros.com.br\/#\/schema\/person\/ba0f432708449436912bd6736864bb40\",\"name\":\"Categoria: Outros\",\"image\":{\"@type\":\"ImageObject\",\"inLanguage\":\"pt-BR\",\"@id\":\"https:\/\/categoriaoutros.com.br\/#\/schema\/person\/image\/\",\"url\":\"https:\/\/secure.gravatar.com\/avatar\/ed97775f0ab50750ed638ed3417ea85e19ced2c648da167a108e393ae5fd9e33?s=96&d=mm&r=g\",\"contentUrl\":\"https:\/\/secure.gravatar.com\/avatar\/ed97775f0ab50750ed638ed3417ea85e19ced2c648da167a108e393ae5fd9e33?s=96&d=mm&r=g\",\"caption\":\"Categoria: Outros\"},\"sameAs\":[\"http:\/\/categoriaoutros.com.br\"],\"url\":\"https:\/\/categoriaoutros.com.br\/?author=1\"}]}<\/script>\n<!-- \/ Yoast SEO plugin. -->","yoast_head_json":{"title":"Falc\u00e3o e o Soldado Invernal: O Novo Capit\u00e3o Am\u00e9rica, John Walker, Pode se Tornar um Vil\u00e3o? - Categoria Outros","robots":{"index":"index","follow":"follow","max-snippet":"max-snippet:-1","max-image-preview":"max-image-preview:large","max-video-preview":"max-video-preview:-1"},"canonical":"https:\/\/categoriaoutros.com.br\/?p=808","og_locale":"pt_BR","og_type":"article","og_title":"Falc\u00e3o e o Soldado Invernal: O Novo Capit\u00e3o Am\u00e9rica, John Walker, Pode se Tornar um Vil\u00e3o? - Categoria Outros","og_description":"Aten\u00e7\u00e3o: Cont\u00e9m SPOILERS O Novo Capit\u00e3o Am\u00e9rica, at\u00e9 o 4\u00ba epis\u00f3dio, era um soldado honrado, ganhador de 3 medalhas de honras, por\u00e9m, n\u00e3o possu\u00eda superpoderes ou um corpo f\u00edsico superforte como o de Bucky(O soldado invernal) ou Sam(Falc\u00e3o). Esse soldado com natural demostra algumas atitudes que faz muitos telespectadores pensar nele como um vil\u00e3o: No...Read More &ldquo;Falc\u00e3o e o Soldado Invernal: O Novo Capit\u00e3o Am\u00e9rica, John Walker, Pode se Tornar um Vil\u00e3o?&rdquo; &raquo;","og_url":"https:\/\/categoriaoutros.com.br\/?p=808","og_site_name":"Categoria Outros","article_publisher":"https:\/\/www.facebook.com\/categoriaoutros","article_published_time":"2021-04-12T21:01:14+00:00","article_modified_time":"2021-04-12T21:11:44+00:00","og_image":[{"url":"https:\/\/hips.hearstapps.com\/hmg-prod.s3.amazonaws.com\/images\/john-walker-shot-1617992649.png?crop=0.6260416666666667xw:1xh;center,top&amp;resize=768:*"}],"author":"Categoria: Outros","twitter_card":"summary_large_image","twitter_creator":"@CategoriaOutros","twitter_site":"@CategoriaOutros","twitter_misc":{"Escrito por":"Categoria: Outros","Est. tempo de leitura":"1 minuto"},"schema":{"@context":"https:\/\/schema.org","@graph":[{"@type":"Article","@id":"https:\/\/categoriaoutros.com.br\/?p=808#article","isPartOf":{"@id":"https:\/\/categoriaoutros.com.br\/?p=808"},"author":{"name":"Categoria: Outros","@id":"https:\/\/categoriaoutros.com.br\/#\/schema\/person\/ba0f432708449436912bd6736864bb40"},"headline":"Falc\u00e3o e o Soldado Invernal: O Novo Capit\u00e3o Am\u00e9rica, John Walker, Pode se Tornar um Vil\u00e3o?","datePublished":"2021-04-12T21:01:14+00:00","dateModified":"2021-04-12T21:11:44+00:00","mainEntityOfPage":{"@id":"https:\/\/categoriaoutros.com.br\/?p=808"},"wordCount":286,"commentCount":1,"publisher":{"@id":"https:\/\/categoriaoutros.com.br\/#organization"},"keywords":["escudo","Falc\u00e3o e o Soldado Invernal","john walker","sangue","vil\u00e3o"],"articleSection":["Filmes e Seriados"],"inLanguage":"pt-BR","potentialAction":[{"@type":"CommentAction","name":"Comment","target":["https:\/\/categoriaoutros.com.br\/?p=808#respond"]}]},{"@type":"WebPage","@id":"https:\/\/categoriaoutros.com.br\/?p=808","url":"https:\/\/categoriaoutros.com.br\/?p=808","name":"Falc\u00e3o e o Soldado Invernal: O Novo Capit\u00e3o Am\u00e9rica, John Walker, Pode se Tornar um Vil\u00e3o? - Categoria Outros","isPartOf":{"@id":"https:\/\/categoriaoutros.com.br\/#website"},"datePublished":"2021-04-12T21:01:14+00:00","dateModified":"2021-04-12T21:11:44+00:00","breadcrumb":{"@id":"https:\/\/categoriaoutros.com.br\/?p=808#breadcrumb"},"inLanguage":"pt-BR","potentialAction":[{"@type":"ReadAction","target":["https:\/\/categoriaoutros.com.br\/?p=808"]}]},{"@type":"BreadcrumbList","@id":"https:\/\/categoriaoutros.com.br\/?p=808#breadcrumb","itemListElement":[{"@type":"ListItem","position":1,"name":"In\u00edcio","item":"https:\/\/categoriaoutros.com.br\/"},{"@type":"ListItem","position":2,"name":"Falc\u00e3o e o Soldado Invernal: O Novo Capit\u00e3o Am\u00e9rica, John Walker, Pode se Tornar um Vil\u00e3o?"}]},{"@type":"WebSite","@id":"https:\/\/categoriaoutros.com.br\/#website","url":"https:\/\/categoriaoutros.com.br\/","name":"Categoria Outros","description":"Assuntos Diversos","publisher":{"@id":"https:\/\/categoriaoutros.com.br\/#organization"},"potentialAction":[{"@type":"SearchAction","target":{"@type":"EntryPoint","urlTemplate":"https:\/\/categoriaoutros.com.br\/?s={search_term_string}"},"query-input":"required name=search_term_string"}],"inLanguage":"pt-BR"},{"@type":"Organization","@id":"https:\/\/categoriaoutros.com.br\/#organization","name":"Categoria Outros","alternateName":"Categoria Outros","url":"https:\/\/categoriaoutros.com.br\/","logo":{"@type":"ImageObject","inLanguage":"pt-BR","@id":"https:\/\/categoriaoutros.com.br\/#\/schema\/logo\/image\/","url":"https:\/\/categoriaoutros.com.br\/wp-content\/uploads\/2023\/08\/categoriaoutros-logo.jpg","contentUrl":"https:\/\/categoriaoutros.com.br\/wp-content\/uploads\/2023\/08\/categoriaoutros-logo.jpg","width":400,"height":400,"caption":"Categoria Outros"},"image":{"@id":"https:\/\/categoriaoutros.com.br\/#\/schema\/logo\/image\/"},"sameAs":["https:\/\/www.facebook.com\/categoriaoutros","https:\/\/twitter.com\/CategoriaOutros","https:\/\/br.pinterest.com\/CategoriaOutros\/"]},{"@type":"Person","@id":"https:\/\/categoriaoutros.com.br\/#\/schema\/person\/ba0f432708449436912bd6736864bb40","name":"Categoria: Outros","image":{"@type":"ImageObject","inLanguage":"pt-BR","@id":"https:\/\/categoriaoutros.com.br\/#\/schema\/person\/image\/","url":"https:\/\/secure.gravatar.com\/avatar\/ed97775f0ab50750ed638ed3417ea85e19ced2c648da167a108e393ae5fd9e33?s=96&d=mm&r=g","contentUrl":"https:\/\/secure.gravatar.com\/avatar\/ed97775f0ab50750ed638ed3417ea85e19ced2c648da167a108e393ae5fd9e33?s=96&d=mm&r=g","caption":"Categoria: Outros"},"sameAs":["http:\/\/categoriaoutros.com.br"],"url":"https:\/\/categoriaoutros.com.br\/?author=1"}]}},"jetpack_featured_media_url":"","_links":{"self":[{"href":"https:\/\/categoriaoutros.com.br\/index.php?rest_route=\/wp\/v2\/posts\/808","targetHints":{"allow":["GET"]}}],"collection":[{"href":"https:\/\/categoriaoutros.com.br\/index.php?rest_route=\/wp\/v2\/posts"}],"about":[{"href":"https:\/\/categoriaoutros.com.br\/index.php?rest_route=\/wp\/v2\/types\/post"}],"author":[{"embeddable":true,"href":"https:\/\/categoriaoutros.com.br\/index.php?rest_route=\/wp\/v2\/users\/1"}],"replies":[{"embeddable":true,"href":"https:\/\/categoriaoutros.com.br\/index.php?rest_route=%2Fwp%2Fv2%2Fcomments&post=808"}],"version-history":[{"count":9,"href":"https:\/\/categoriaoutros.com.br\/index.php?rest_route=\/wp\/v2\/posts\/808\/revisions"}],"predecessor-version":[{"id":818,"href":"https:\/\/categoriaoutros.com.br\/index.php?rest_route=\/wp\/v2\/posts\/808\/revisions\/818"}],"wp:attachment":[{"href":"https:\/\/categoriaoutros.com.br\/index.php?rest_route=%2Fwp%2Fv2%2Fmedia&parent=808"}],"wp:term":[{"taxonomy":"category","embeddable":true,"href":"https:\/\/categoriaoutros.com.br\/index.php?rest_route=%2Fwp%2Fv2%2Fcategories&post=808"},{"taxonomy":"post_tag","embeddable":true,"href":"https:\/\/categoriaoutros.com.br\/index.php?rest_route=%2Fwp%2Fv2%2Ftags&post=808"}],"curies":[{"name":"wp","href":"https:\/\/api.w.org\/{rel}","templated":true}]}}