{"id":14207,"date":"2023-10-31T17:20:27","date_gmt":"2023-10-31T20:20:27","guid":{"rendered":"https:\/\/categoriaoutros.com.br\/?p=14207"},"modified":"2023-10-31T17:20:29","modified_gmt":"2023-10-31T20:20:29","slug":"o-brasil-tem-alguma-politica-nacional-de-seguranca-da-informacao","status":"publish","type":"post","link":"https:\/\/categoriaoutros.com.br\/?p=14207","title":{"rendered":"O Brasil Tem Alguma Pol\u00edtica Nacional de Seguran\u00e7a da Informa\u00e7\u00e3o?"},"content":{"rendered":"\n<p>Toda empresa que se preocupa com a Seguran\u00e7a da Informa\u00e7\u00e3o tem uma Pol\u00edtica &#8211; Conjunto de Regras &#8211; publicada. E o Brasil, como Pa\u00eds, tem alguma Pol\u00edtica Nacional de Seguran\u00e7a da Informa\u00e7\u00e3o?<\/p>\n\n\n<div class=\"wp-block-image\">\n<figure class=\"aligncenter size-full\"><img loading=\"lazy\" decoding=\"async\" width=\"1024\" height=\"1024\" src=\"https:\/\/categoriaoutros.com.br\/wp-content\/uploads\/2023\/10\/lendo-documento.jpeg\" alt=\"O Brasil Tem Alguma Pol\u00edtica Nacional de Seguran\u00e7a da Informa\u00e7\u00e3o?\" class=\"wp-image-14208\" srcset=\"https:\/\/categoriaoutros.com.br\/wp-content\/uploads\/2023\/10\/lendo-documento.jpeg 1024w, https:\/\/categoriaoutros.com.br\/wp-content\/uploads\/2023\/10\/lendo-documento-300x300.jpeg 300w, https:\/\/categoriaoutros.com.br\/wp-content\/uploads\/2023\/10\/lendo-documento-150x150.jpeg 150w, https:\/\/categoriaoutros.com.br\/wp-content\/uploads\/2023\/10\/lendo-documento-768x768.jpeg 768w\" sizes=\"auto, (max-width: 1024px) 100vw, 1024px\" \/><figcaption class=\"wp-element-caption\">O Brasil Tem Alguma Pol\u00edtica Nacional de Seguran\u00e7a da Informa\u00e7\u00e3o?<\/figcaption><\/figure><\/div>\n\n\n<p>Uma pol\u00edtica de seguran\u00e7a da informa\u00e7\u00e3o \u00e9 um conjunto de regras e diretrizes dentro de uma empresa que estabelecem como os colaboradores devem agir para que as informa\u00e7\u00f5es sejam protegidas, garantindo sua confidencialidade, integridade e disponibilidade. <\/p>\n\n\n\n<p>Uma Pol\u00edtica de Seguran\u00e7a da Informa\u00e7\u00e3o, ou PSI, \u00e9 um manual que orienta as a\u00e7\u00f5es necess\u00e1rias para proteger os dados contra amea\u00e7as e garantir a seguran\u00e7a da organiza\u00e7\u00e3o<\/p>\n\n\n\n<p>Veja tamb\u00e9m: <a href=\"https:\/\/categoriaoutros.com.br\/?p=9338\">Exemplo de Pol\u00edtica da Seguran\u00e7a da Informa\u00e7\u00e3o<\/a><\/p>\n\n\n\n<p>Como podemos ver acima, toda empresa que se preocupa com a seguran\u00e7a das informa\u00e7\u00f5es por ela tratadas possui um documento com regras e controles (uma pol\u00edtica) que \u00e9 publicado internamente e para o p\u00fablico ou clientes. Mas, quanto ao Brasil, h\u00e1 alguma Pol\u00edtica  de Seguran\u00e7a da Informa\u00e7\u00e3o? Algo Nacional?<\/p>\n\n\n\n<p>Talvez voc\u00ea se interesse em: <a href=\"https:\/\/categoriaoutros.com.br\/?p=10033\">LGPD: Diferen\u00e7a entre Controlador e Operador de Dados Pessoais(DP)<\/a><\/p>\n\n\n\n<p>A resposta para essa quest\u00e3o \u00e9 sim, h\u00e1 e n\u00e3o \u00e9 algo recente; Por mais que voc\u00ea n\u00e3o saiba, sempre houve ind\u00edcios de preocupa\u00e7\u00e3o com a seguran\u00e7a da informa\u00e7\u00e3o tratada em territ\u00f3rio nacional brasileiro. <\/p>\n\n\n\n<p>Recentemente temos a LGPD, mas bem antes disso, l\u00e1 em 1991 j\u00e1 havia in\u00edcio sobre como os dados seriam tratados no Brasil.<\/p>\n\n\n\n<h1 class=\"wp-block-heading\">Hist\u00f3ria do Brasil em rela\u00e7\u00e3o a uma Pol\u00edtica Nacional de Seguran\u00e7a da Informa\u00e7\u00e3o<\/h1>\n\n\n\n<p>Vamos contar hist\u00f3ria real para entendermos fatos importantes sobre a pol\u00edtica de seguran\u00e7a da informa\u00e7\u00e3o no Brasil, que fortalece a cultura de seguran\u00e7a da informa\u00e7\u00e3o na sociedade brasileira.<\/p>\n\n\n\n<h3 class=\"wp-block-heading\">Lei n\u00ba 8.159, de 8 de janeiro de 1991 (BRASIL, 1991)<\/h3>\n\n\n\n<p>Disp\u00f5e sobre a pol\u00edtica nacional de arquivos p\u00fablicos e privados e provid\u00eancias, e foi sancionada pelo presidente Fernando Collor de Melo. Por\u00e9m, a lei ainda n\u00e3o era a pol\u00edtica de seguran\u00e7a da informa\u00e7\u00e3o do pa\u00eds. N\u00e3o continha a estrutura sobre a prote\u00e7\u00e3o das informa\u00e7\u00f5es nacionais.<\/p>\n\n\n\n<h3 class=\"wp-block-heading\">Decreto n\u00ba 2.910 de 29 de Dezembro de 1998<\/h3>\n\n\n\n<p>N\u00e3o era ainda uma pol\u00edtica de seguran\u00e7a da informa\u00e7\u00e3o, mas j\u00e1 dava ind\u00edcios de classifica\u00e7\u00e3o da informa\u00e7\u00e3o, pois atribu\u00eda, na se\u00e7\u00e3o II da Lei, o conceito de 27 <strong>Documento Sigiloso Controlado<\/strong> ou <strong>DSC<\/strong> e, no cap\u00edtulo III, os conceitos de seguran\u00e7a das comunica\u00e7\u00f5es e dos sistemas de informa\u00e7\u00e3o.<\/p>\n\n\n\n<p>Esse Decreto n\u00ba 2.910, de 29 de dezembro de 1998, que foi sancionada pelo ent\u00e3o presidente Fernando Henrique Cardoso, estabelecia normas para a salvaguarda de documentos, materiais, \u00e1reas, comunica\u00e7\u00f5es e sistemas de informa\u00e7\u00e3o de natureza sigilosa, e dava outras provid\u00eancias.<\/p>\n\n\n\n<h3 class=\"wp-block-heading\">Decreto n\u00ba 3.505, de 13 de junho de 2000 (BRASIL, 2000)<\/h3>\n\n\n\n<p>Finalmente, no ano 2000, temos oficialmente a primeira PSI com o decreto n\u00ba 3.505, de 13 de junho de 2000 (BRASIL, 2000), promulgado pelo presidente Fernando Henrique Cardoso, que institui a pol\u00edtica de seguran\u00e7a da informa\u00e7\u00e3o nos \u00f3rg\u00e3os e entidades da Administra\u00e7\u00e3o P\u00fablica Federal no Brasil. E no art. 3\u00ba, s\u00e3o atribu\u00eddos os objetivos da pol\u00edtica da informa\u00e7\u00e3o, sendo:<\/p>\n\n\n\n<blockquote class=\"wp-block-quote is-layout-flow wp-block-quote-is-layout-flow\">\n<p>I &#8211; dotar os \u00f3rg\u00e3os e as entidades da Administra\u00e7\u00e3o P\u00fablica Federal de instrumentos jur\u00eddicos, normativos e organizacionais que os capacitem cient\u00edfica, tecnol\u00f3gica e administrativamente a<br>assegurar a confidencialidade, a integridade, a autenticidade, o <a href=\"https:\/\/categoriaoutros.com.br\/?p=1721\">n\u00e3o rep\u00fadio<\/a> e a disponibilidade dos dados e das informa\u00e7\u00f5es tratadas, classificadas e sens\u00edveis.<\/p>\n<\/blockquote>\n\n\n\n<p>Veja tamb\u00e9m: <a href=\"https:\/\/categoriaoutros.com.br\/?p=10108\">\u00a0Princ\u00edpios Fundamentais da Seguran\u00e7a da Informa\u00e7\u00e3o: Confidencialidade, Integridade e Disponibilidade<\/a> e <a href=\"https:\/\/categoriaoutros.com.br\/?p=10731\">O que \u00e9 Seguran\u00e7a da Informa\u00e7\u00e3o?<\/a><\/p>\n\n\n\n<p>Esse decreto j\u00e1 \u00e9 mais s\u00f3lito e robusto que os anteriores. J\u00e1 se asseguravam os pilares principais da <a href=\"https:\/\/categoriaoutros.com.br\/?p=10731\">seguran\u00e7a da informa\u00e7\u00e3o<\/a> (<a href=\"https:\/\/categoriaoutros.com.br\/?p=10108\">confidencialidade, integridade e a disponibilidade<\/a>) e os complementares (autenticidade e n\u00e3o rep\u00fadio) em uma pol\u00edtica de seguran\u00e7a da informa\u00e7\u00e3o, como tamb\u00e9m classificar<br>as informa\u00e7\u00f5es e trat\u00e1-las.<\/p>\n\n\n\n<h3 class=\"wp-block-heading\">Decreto n\u00ba 9.637, de 26 de dezembro de 2018 (BRASIL, 2018)<\/h3>\n\n\n\n<p>E 18 anos depois do <strong>Decreto n\u00ba 3.505<\/strong>, o presidente Michel Temer promulga o Decreto n\u00ba 9.637, de 26 de dezembro de 2018 (BRASIL, 2018), que institui a Pol\u00edtica Nacional de Seguran\u00e7a da Informa\u00e7\u00e3o e, tamb\u00e9m, disp\u00f5e sobre a governan\u00e7a da seguran\u00e7a da informa\u00e7\u00e3o, alterando todos os decretos anteriores. No cap\u00edtulo I do decreto, especificamente nos artigos 1\u00ba e 2\u00ba, \u00e9 institu\u00eddo:<\/p>\n\n\n\n<blockquote class=\"wp-block-quote is-layout-flow wp-block-quote-is-layout-flow\">\n<p>Art. 1\u00ba Fica institu\u00edda a Pol\u00edtica Nacional de Seguran\u00e7a da Informa\u00e7\u00e3o \u2013 PNSI, no \u00e2mbito da administra\u00e7\u00e3o p\u00fablica federal, com a finalidade de assegurar a disponibilidade, a integridade, a<br>confidencialidade e a autenticidade da informa\u00e7\u00e3o a n\u00edvel nacional.<\/p>\n\n\n\n<p>Art. 2\u00ba Para os fins do disposto neste Decreto, a seguran\u00e7a da informa\u00e7\u00e3o abrange: I &#8211; a seguran\u00e7a cibern\u00e9tica; II &#8211; a defesa cibern\u00e9tica; III &#8211; a seguran\u00e7a f\u00edsica e a prote\u00e7\u00e3o de dados organizacionais; e IV &#8211; as a\u00e7\u00f5es destinadas a assegurar a disponibilidade, a integridade, a confidencialidade e a autenticidade da informa\u00e7\u00e3o.<\/p>\n<\/blockquote>\n\n\n\n<p>A Pol\u00edtica Nacional de Seguran\u00e7a da Informa\u00e7\u00e3o disp\u00f5e sobre princ\u00edpios, objetivos, instrumentos, atribui\u00e7\u00f5es e compet\u00eancias de seguran\u00e7a da informa\u00e7\u00e3o para os \u00f3rg\u00e3os e entidades da Administra\u00e7\u00e3o P\u00fablica Federal, sob o prisma da governan\u00e7a, e previu, para sua implementa\u00e7\u00e3o, a elabora\u00e7\u00e3o da Estrat\u00e9gia Nacional de Seguran\u00e7a da Informa\u00e7\u00e3o e dos Planos Nacionais.<\/p>\n\n\n\n<p>Para proceder \u00e0 classifica\u00e7\u00e3o da informa\u00e7\u00e3o, \u00e9 necess\u00e1rio fazer o preenchimento do Termo de Classifica\u00e7\u00e3o de Informa\u00e7\u00e3o \u2013 TCI, conforme Anexo do Decreto 7.724 de 16 de maio de 2012. Dentre<br>as informa\u00e7\u00f5es que comp\u00f5em o citado termo, tem-se o C\u00f3digo de Indexa\u00e7\u00e3o de Documento que cont\u00e9m Informa\u00e7\u00e3o Classificada \u2013 CIDIC.<\/p>\n\n\n\n<h3 class=\"wp-block-heading\"><em>Lei Geral de Prote\u00e7\u00e3o de Dados<\/em>\u00a0Pessoais (<em>LGPD<\/em>) &#8211; <strong><small><a href=\"http:\/\/legislacao.planalto.gov.br\/legisla\/legislacao.nsf\/Viw_Identificacao\/lei%2013.709-2018?OpenDocument\">LEI N\u00ba 13.709, DE 14 DE AGOSTO DE 2018<\/a><\/small><\/strong><\/h3>\n\n\n\n<p>A LGPD (Lei Geral de Prote\u00e7\u00e3o de Dados) \u00e9 uma lei que protege os dados pessoais dos cidad\u00e3os, estabelecendo regras para a coleta, armazenamento e uso desses dados por empresas e organiza\u00e7\u00f5es. Ela garante mais controle e seguran\u00e7a para os indiv\u00edduos em rela\u00e7\u00e3o \u00e0s suas informa\u00e7\u00f5es pessoais. Ela foi criada em agosto de 2018, por meio da Lei n\u00ba 13.709. No entanto, sua entrada em vigor ocorreu em setembro de 2020, ap\u00f3s um per\u00edodo de adequa\u00e7\u00e3o e adapta\u00e7\u00e3o das empresas e organiza\u00e7\u00f5es \u00e0s suas exig\u00eancias.<\/p>\n\n\n\n<p>As primeiras linhas da lei a descreve,<\/p>\n\n\n\n<blockquote class=\"wp-block-quote is-layout-flow wp-block-quote-is-layout-flow\">\n<p>Esta Lei disp\u00f5e sobre o tratamento de dados pessoais, inclusive nos meios digitais, por pessoa natural ou por pessoa jur\u00eddica de direito p\u00fablico ou privado, com o objetivo de proteger os direitos fundamentais de liberdade e de privacidade e o livre desenvolvimento da personalidade da pessoa natural.<\/p>\n<\/blockquote>\n\n\n\n<p><\/p>\n","protected":false},"excerpt":{"rendered":"<p>Toda empresa que se preocupa com a Seguran\u00e7a da Informa\u00e7\u00e3o tem uma Pol\u00edtica &#8211; Conjunto de Regras &#8211; publicada. E o Brasil, como Pa\u00eds, tem alguma Pol\u00edtica Nacional de Seguran\u00e7a da Informa\u00e7\u00e3o? Uma pol\u00edtica de seguran\u00e7a da informa\u00e7\u00e3o \u00e9 um conjunto de regras e diretrizes dentro de uma empresa que estabelecem como os colaboradores devem&#8230;<\/p>\n<p class=\"more-link-wrap\"><a href=\"https:\/\/categoriaoutros.com.br\/?p=14207\" class=\"more-link\">Read More<span class=\"screen-reader-text\"> &ldquo;O Brasil Tem Alguma Pol\u00edtica Nacional de Seguran\u00e7a da Informa\u00e7\u00e3o?&rdquo;<\/span> &raquo;<\/a><\/p>\n","protected":false},"author":1,"featured_media":0,"comment_status":"open","ping_status":"open","sticky":false,"template":"","format":"standard","meta":{"footnotes":""},"categories":[16,562],"tags":[4631,4632,4633,4630,608,4629],"class_list":["post-14207","post","type-post","status-publish","format-standard","hentry","category-informatica-dicas","category-seguranca","tag-decreto-no-2-910","tag-decreto-no-3-505","tag-decreto-no-9-637","tag-lei-no-8-159","tag-lgpd","tag-politica-nacional-de-seguranca-da-informacao"],"yoast_head":"<!-- This site is optimized with the Yoast SEO plugin v21.0 - https:\/\/yoast.com\/wordpress\/plugins\/seo\/ -->\n<title>O Brasil Tem Alguma Pol\u00edtica Nacional de Seguran\u00e7a da Informa\u00e7\u00e3o? - Categoria Outros<\/title>\n<meta name=\"description\" content=\"Toda empresa que se preocupa com a Seguran\u00e7a da Informa\u00e7\u00e3o tem uma Pol\u00edtica - Conjunto de Regras - publicada. E o Brasil, como Pa\u00eds, tem alguma Pol\u00edtica Nacional de Seguran\u00e7a da Informa\u00e7\u00e3o?\" \/>\n<meta name=\"robots\" content=\"index, follow, max-snippet:-1, max-image-preview:large, max-video-preview:-1\" \/>\n<link rel=\"canonical\" href=\"https:\/\/categoriaoutros.com.br\/?p=14207\" \/>\n<meta property=\"og:locale\" content=\"pt_BR\" \/>\n<meta property=\"og:type\" content=\"article\" \/>\n<meta property=\"og:title\" content=\"O Brasil Tem Alguma Pol\u00edtica Nacional de Seguran\u00e7a da Informa\u00e7\u00e3o? - Categoria Outros\" \/>\n<meta property=\"og:description\" content=\"Toda empresa que se preocupa com a Seguran\u00e7a da Informa\u00e7\u00e3o tem uma Pol\u00edtica - Conjunto de Regras - publicada. E o Brasil, como Pa\u00eds, tem alguma Pol\u00edtica Nacional de Seguran\u00e7a da Informa\u00e7\u00e3o?\" \/>\n<meta property=\"og:url\" content=\"https:\/\/categoriaoutros.com.br\/?p=14207\" \/>\n<meta property=\"og:site_name\" content=\"Categoria Outros\" \/>\n<meta property=\"article:publisher\" content=\"https:\/\/www.facebook.com\/categoriaoutros\" \/>\n<meta property=\"article:published_time\" content=\"2023-10-31T20:20:27+00:00\" \/>\n<meta property=\"article:modified_time\" content=\"2023-10-31T20:20:29+00:00\" \/>\n<meta property=\"og:image\" content=\"https:\/\/categoriaoutros.com.br\/wp-content\/uploads\/2023\/10\/lendo-documento.jpeg\" \/>\n<meta name=\"author\" content=\"Categoria: Outros\" \/>\n<meta name=\"twitter:card\" content=\"summary_large_image\" \/>\n<meta name=\"twitter:creator\" content=\"@CategoriaOutros\" \/>\n<meta name=\"twitter:site\" content=\"@CategoriaOutros\" \/>\n<meta name=\"twitter:label1\" content=\"Escrito por\" \/>\n\t<meta name=\"twitter:data1\" content=\"Categoria: Outros\" \/>\n\t<meta name=\"twitter:label2\" content=\"Est. tempo de leitura\" \/>\n\t<meta name=\"twitter:data2\" content=\"5 minutos\" \/>\n<script type=\"application\/ld+json\" class=\"yoast-schema-graph\">{\"@context\":\"https:\/\/schema.org\",\"@graph\":[{\"@type\":\"Article\",\"@id\":\"https:\/\/categoriaoutros.com.br\/?p=14207#article\",\"isPartOf\":{\"@id\":\"https:\/\/categoriaoutros.com.br\/?p=14207\"},\"author\":{\"name\":\"Categoria: Outros\",\"@id\":\"https:\/\/categoriaoutros.com.br\/#\/schema\/person\/ba0f432708449436912bd6736864bb40\"},\"headline\":\"O Brasil Tem Alguma Pol\u00edtica Nacional de Seguran\u00e7a da Informa\u00e7\u00e3o?\",\"datePublished\":\"2023-10-31T20:20:27+00:00\",\"dateModified\":\"2023-10-31T20:20:29+00:00\",\"mainEntityOfPage\":{\"@id\":\"https:\/\/categoriaoutros.com.br\/?p=14207\"},\"wordCount\":1182,\"commentCount\":1,\"publisher\":{\"@id\":\"https:\/\/categoriaoutros.com.br\/#organization\"},\"keywords\":[\"Decreto n\u00ba 2.910\",\"Decreto n\u00ba 3.505\",\"Decreto n\u00ba 9.637\",\"Lei n\u00ba 8.159\",\"lgpd\",\"Pol\u00edtica Nacional de Seguran\u00e7a da Informa\u00e7\u00e3o\"],\"articleSection\":[\"Inform\u00e1tica\",\"Seguran\u00e7a\"],\"inLanguage\":\"pt-BR\",\"potentialAction\":[{\"@type\":\"CommentAction\",\"name\":\"Comment\",\"target\":[\"https:\/\/categoriaoutros.com.br\/?p=14207#respond\"]}]},{\"@type\":\"WebPage\",\"@id\":\"https:\/\/categoriaoutros.com.br\/?p=14207\",\"url\":\"https:\/\/categoriaoutros.com.br\/?p=14207\",\"name\":\"O Brasil Tem Alguma Pol\u00edtica Nacional de Seguran\u00e7a da Informa\u00e7\u00e3o? - Categoria Outros\",\"isPartOf\":{\"@id\":\"https:\/\/categoriaoutros.com.br\/#website\"},\"datePublished\":\"2023-10-31T20:20:27+00:00\",\"dateModified\":\"2023-10-31T20:20:29+00:00\",\"description\":\"Toda empresa que se preocupa com a Seguran\u00e7a da Informa\u00e7\u00e3o tem uma Pol\u00edtica - Conjunto de Regras - publicada. E o Brasil, como Pa\u00eds, tem alguma Pol\u00edtica Nacional de Seguran\u00e7a da Informa\u00e7\u00e3o?\",\"breadcrumb\":{\"@id\":\"https:\/\/categoriaoutros.com.br\/?p=14207#breadcrumb\"},\"inLanguage\":\"pt-BR\",\"potentialAction\":[{\"@type\":\"ReadAction\",\"target\":[\"https:\/\/categoriaoutros.com.br\/?p=14207\"]}]},{\"@type\":\"BreadcrumbList\",\"@id\":\"https:\/\/categoriaoutros.com.br\/?p=14207#breadcrumb\",\"itemListElement\":[{\"@type\":\"ListItem\",\"position\":1,\"name\":\"In\u00edcio\",\"item\":\"https:\/\/categoriaoutros.com.br\/\"},{\"@type\":\"ListItem\",\"position\":2,\"name\":\"O Brasil Tem Alguma Pol\u00edtica Nacional de Seguran\u00e7a da Informa\u00e7\u00e3o?\"}]},{\"@type\":\"WebSite\",\"@id\":\"https:\/\/categoriaoutros.com.br\/#website\",\"url\":\"https:\/\/categoriaoutros.com.br\/\",\"name\":\"Categoria Outros\",\"description\":\"Assuntos Diversos\",\"publisher\":{\"@id\":\"https:\/\/categoriaoutros.com.br\/#organization\"},\"potentialAction\":[{\"@type\":\"SearchAction\",\"target\":{\"@type\":\"EntryPoint\",\"urlTemplate\":\"https:\/\/categoriaoutros.com.br\/?s={search_term_string}\"},\"query-input\":\"required name=search_term_string\"}],\"inLanguage\":\"pt-BR\"},{\"@type\":\"Organization\",\"@id\":\"https:\/\/categoriaoutros.com.br\/#organization\",\"name\":\"Categoria Outros\",\"alternateName\":\"Categoria Outros\",\"url\":\"https:\/\/categoriaoutros.com.br\/\",\"logo\":{\"@type\":\"ImageObject\",\"inLanguage\":\"pt-BR\",\"@id\":\"https:\/\/categoriaoutros.com.br\/#\/schema\/logo\/image\/\",\"url\":\"https:\/\/categoriaoutros.com.br\/wp-content\/uploads\/2023\/08\/categoriaoutros-logo.jpg\",\"contentUrl\":\"https:\/\/categoriaoutros.com.br\/wp-content\/uploads\/2023\/08\/categoriaoutros-logo.jpg\",\"width\":400,\"height\":400,\"caption\":\"Categoria Outros\"},\"image\":{\"@id\":\"https:\/\/categoriaoutros.com.br\/#\/schema\/logo\/image\/\"},\"sameAs\":[\"https:\/\/www.facebook.com\/categoriaoutros\",\"https:\/\/twitter.com\/CategoriaOutros\",\"https:\/\/br.pinterest.com\/CategoriaOutros\/\"]},{\"@type\":\"Person\",\"@id\":\"https:\/\/categoriaoutros.com.br\/#\/schema\/person\/ba0f432708449436912bd6736864bb40\",\"name\":\"Categoria: Outros\",\"image\":{\"@type\":\"ImageObject\",\"inLanguage\":\"pt-BR\",\"@id\":\"https:\/\/categoriaoutros.com.br\/#\/schema\/person\/image\/\",\"url\":\"https:\/\/secure.gravatar.com\/avatar\/ed97775f0ab50750ed638ed3417ea85e19ced2c648da167a108e393ae5fd9e33?s=96&d=mm&r=g\",\"contentUrl\":\"https:\/\/secure.gravatar.com\/avatar\/ed97775f0ab50750ed638ed3417ea85e19ced2c648da167a108e393ae5fd9e33?s=96&d=mm&r=g\",\"caption\":\"Categoria: Outros\"},\"sameAs\":[\"http:\/\/categoriaoutros.com.br\"],\"url\":\"https:\/\/categoriaoutros.com.br\/?author=1\"}]}<\/script>\n<!-- \/ Yoast SEO plugin. -->","yoast_head_json":{"title":"O Brasil Tem Alguma Pol\u00edtica Nacional de Seguran\u00e7a da Informa\u00e7\u00e3o? - Categoria Outros","description":"Toda empresa que se preocupa com a Seguran\u00e7a da Informa\u00e7\u00e3o tem uma Pol\u00edtica - Conjunto de Regras - publicada. E o Brasil, como Pa\u00eds, tem alguma Pol\u00edtica Nacional de Seguran\u00e7a da Informa\u00e7\u00e3o?","robots":{"index":"index","follow":"follow","max-snippet":"max-snippet:-1","max-image-preview":"max-image-preview:large","max-video-preview":"max-video-preview:-1"},"canonical":"https:\/\/categoriaoutros.com.br\/?p=14207","og_locale":"pt_BR","og_type":"article","og_title":"O Brasil Tem Alguma Pol\u00edtica Nacional de Seguran\u00e7a da Informa\u00e7\u00e3o? - Categoria Outros","og_description":"Toda empresa que se preocupa com a Seguran\u00e7a da Informa\u00e7\u00e3o tem uma Pol\u00edtica - Conjunto de Regras - publicada. E o Brasil, como Pa\u00eds, tem alguma Pol\u00edtica Nacional de Seguran\u00e7a da Informa\u00e7\u00e3o?","og_url":"https:\/\/categoriaoutros.com.br\/?p=14207","og_site_name":"Categoria Outros","article_publisher":"https:\/\/www.facebook.com\/categoriaoutros","article_published_time":"2023-10-31T20:20:27+00:00","article_modified_time":"2023-10-31T20:20:29+00:00","og_image":[{"url":"https:\/\/categoriaoutros.com.br\/wp-content\/uploads\/2023\/10\/lendo-documento.jpeg"}],"author":"Categoria: Outros","twitter_card":"summary_large_image","twitter_creator":"@CategoriaOutros","twitter_site":"@CategoriaOutros","twitter_misc":{"Escrito por":"Categoria: Outros","Est. tempo de leitura":"5 minutos"},"schema":{"@context":"https:\/\/schema.org","@graph":[{"@type":"Article","@id":"https:\/\/categoriaoutros.com.br\/?p=14207#article","isPartOf":{"@id":"https:\/\/categoriaoutros.com.br\/?p=14207"},"author":{"name":"Categoria: Outros","@id":"https:\/\/categoriaoutros.com.br\/#\/schema\/person\/ba0f432708449436912bd6736864bb40"},"headline":"O Brasil Tem Alguma Pol\u00edtica Nacional de Seguran\u00e7a da Informa\u00e7\u00e3o?","datePublished":"2023-10-31T20:20:27+00:00","dateModified":"2023-10-31T20:20:29+00:00","mainEntityOfPage":{"@id":"https:\/\/categoriaoutros.com.br\/?p=14207"},"wordCount":1182,"commentCount":1,"publisher":{"@id":"https:\/\/categoriaoutros.com.br\/#organization"},"keywords":["Decreto n\u00ba 2.910","Decreto n\u00ba 3.505","Decreto n\u00ba 9.637","Lei n\u00ba 8.159","lgpd","Pol\u00edtica Nacional de Seguran\u00e7a da Informa\u00e7\u00e3o"],"articleSection":["Inform\u00e1tica","Seguran\u00e7a"],"inLanguage":"pt-BR","potentialAction":[{"@type":"CommentAction","name":"Comment","target":["https:\/\/categoriaoutros.com.br\/?p=14207#respond"]}]},{"@type":"WebPage","@id":"https:\/\/categoriaoutros.com.br\/?p=14207","url":"https:\/\/categoriaoutros.com.br\/?p=14207","name":"O Brasil Tem Alguma Pol\u00edtica Nacional de Seguran\u00e7a da Informa\u00e7\u00e3o? - Categoria Outros","isPartOf":{"@id":"https:\/\/categoriaoutros.com.br\/#website"},"datePublished":"2023-10-31T20:20:27+00:00","dateModified":"2023-10-31T20:20:29+00:00","description":"Toda empresa que se preocupa com a Seguran\u00e7a da Informa\u00e7\u00e3o tem uma Pol\u00edtica - Conjunto de Regras - publicada. E o Brasil, como Pa\u00eds, tem alguma Pol\u00edtica Nacional de Seguran\u00e7a da Informa\u00e7\u00e3o?","breadcrumb":{"@id":"https:\/\/categoriaoutros.com.br\/?p=14207#breadcrumb"},"inLanguage":"pt-BR","potentialAction":[{"@type":"ReadAction","target":["https:\/\/categoriaoutros.com.br\/?p=14207"]}]},{"@type":"BreadcrumbList","@id":"https:\/\/categoriaoutros.com.br\/?p=14207#breadcrumb","itemListElement":[{"@type":"ListItem","position":1,"name":"In\u00edcio","item":"https:\/\/categoriaoutros.com.br\/"},{"@type":"ListItem","position":2,"name":"O Brasil Tem Alguma Pol\u00edtica Nacional de Seguran\u00e7a da Informa\u00e7\u00e3o?"}]},{"@type":"WebSite","@id":"https:\/\/categoriaoutros.com.br\/#website","url":"https:\/\/categoriaoutros.com.br\/","name":"Categoria Outros","description":"Assuntos Diversos","publisher":{"@id":"https:\/\/categoriaoutros.com.br\/#organization"},"potentialAction":[{"@type":"SearchAction","target":{"@type":"EntryPoint","urlTemplate":"https:\/\/categoriaoutros.com.br\/?s={search_term_string}"},"query-input":"required name=search_term_string"}],"inLanguage":"pt-BR"},{"@type":"Organization","@id":"https:\/\/categoriaoutros.com.br\/#organization","name":"Categoria Outros","alternateName":"Categoria Outros","url":"https:\/\/categoriaoutros.com.br\/","logo":{"@type":"ImageObject","inLanguage":"pt-BR","@id":"https:\/\/categoriaoutros.com.br\/#\/schema\/logo\/image\/","url":"https:\/\/categoriaoutros.com.br\/wp-content\/uploads\/2023\/08\/categoriaoutros-logo.jpg","contentUrl":"https:\/\/categoriaoutros.com.br\/wp-content\/uploads\/2023\/08\/categoriaoutros-logo.jpg","width":400,"height":400,"caption":"Categoria Outros"},"image":{"@id":"https:\/\/categoriaoutros.com.br\/#\/schema\/logo\/image\/"},"sameAs":["https:\/\/www.facebook.com\/categoriaoutros","https:\/\/twitter.com\/CategoriaOutros","https:\/\/br.pinterest.com\/CategoriaOutros\/"]},{"@type":"Person","@id":"https:\/\/categoriaoutros.com.br\/#\/schema\/person\/ba0f432708449436912bd6736864bb40","name":"Categoria: Outros","image":{"@type":"ImageObject","inLanguage":"pt-BR","@id":"https:\/\/categoriaoutros.com.br\/#\/schema\/person\/image\/","url":"https:\/\/secure.gravatar.com\/avatar\/ed97775f0ab50750ed638ed3417ea85e19ced2c648da167a108e393ae5fd9e33?s=96&d=mm&r=g","contentUrl":"https:\/\/secure.gravatar.com\/avatar\/ed97775f0ab50750ed638ed3417ea85e19ced2c648da167a108e393ae5fd9e33?s=96&d=mm&r=g","caption":"Categoria: Outros"},"sameAs":["http:\/\/categoriaoutros.com.br"],"url":"https:\/\/categoriaoutros.com.br\/?author=1"}]}},"jetpack_featured_media_url":"","_links":{"self":[{"href":"https:\/\/categoriaoutros.com.br\/index.php?rest_route=\/wp\/v2\/posts\/14207","targetHints":{"allow":["GET"]}}],"collection":[{"href":"https:\/\/categoriaoutros.com.br\/index.php?rest_route=\/wp\/v2\/posts"}],"about":[{"href":"https:\/\/categoriaoutros.com.br\/index.php?rest_route=\/wp\/v2\/types\/post"}],"author":[{"embeddable":true,"href":"https:\/\/categoriaoutros.com.br\/index.php?rest_route=\/wp\/v2\/users\/1"}],"replies":[{"embeddable":true,"href":"https:\/\/categoriaoutros.com.br\/index.php?rest_route=%2Fwp%2Fv2%2Fcomments&post=14207"}],"version-history":[{"count":2,"href":"https:\/\/categoriaoutros.com.br\/index.php?rest_route=\/wp\/v2\/posts\/14207\/revisions"}],"predecessor-version":[{"id":14212,"href":"https:\/\/categoriaoutros.com.br\/index.php?rest_route=\/wp\/v2\/posts\/14207\/revisions\/14212"}],"wp:attachment":[{"href":"https:\/\/categoriaoutros.com.br\/index.php?rest_route=%2Fwp%2Fv2%2Fmedia&parent=14207"}],"wp:term":[{"taxonomy":"category","embeddable":true,"href":"https:\/\/categoriaoutros.com.br\/index.php?rest_route=%2Fwp%2Fv2%2Fcategories&post=14207"},{"taxonomy":"post_tag","embeddable":true,"href":"https:\/\/categoriaoutros.com.br\/index.php?rest_route=%2Fwp%2Fv2%2Ftags&post=14207"}],"curies":[{"name":"wp","href":"https:\/\/api.w.org\/{rel}","templated":true}]}}